{"id":2339,"date":"2026-03-01T06:48:24","date_gmt":"2026-03-01T06:48:24","guid":{"rendered":"https:\/\/treize.lis-lab.fr\/?p=2339"},"modified":"2026-04-03T04:33:01","modified_gmt":"2026-04-03T04:33:01","slug":"edition-du-7-avril-2026","status":"publish","type":"post","link":"https:\/\/treize.lis-lab.fr\/?p=2339","title":{"rendered":"\u00c9dition du 7 avril 2026"},"content":{"rendered":"<h1>\u00c9dition du 7 avril 2026<\/h1>\n<table>\n<tbody>\n<tr>\n<td width=\"230\"><img loading=\"lazy\" decoding=\"async\" class=\"alignnone wp-image-2137 size-full\" src=\"https:\/\/treize.lis-lab.fr\/wps\/wp-content\/uploads\/visuel2026_220x220.png\" width=\"220\" height=\"220\"><\/td>\n<td>\n<h2> Huit maladies ou Papa mouchoir ?\n<\/h2>\n<h3>Carine Baxerres<\/h3>\n<h2>Les cous du hasard<\/h2>\n<h3>Magali Coupaud<\/h3>\n<h2>Du silence au chaos<\/h2>\n<h3>Tom Colinot<\/h3>\n<h2>La fi\u00e8vre de l&rsquo;IA<\/h2>\n<h3>Constance Douwes<\/h3>\n<h2>Des \u00eeles \u00e0 la noix ? <\/h2>\n<h3>S\u00e9bastien Galliot<\/h3>\n<h2>Et toi, quel est ton motif ?<\/h2>\n<h3>Etienne Moutot<\/h3>\n<\/td>\n<\/tr>\n<\/tbody>\n<\/table>\n<p>\u00c9dition organis\u00e9e par des chercheurs, enseignants-chercheurs et autres membres de l&rsquo;universit\u00e9 d&rsquo;Aix-Marseille\/CNRS.<br>\n<a href=\"https:\/\/mediatheques.vitrolles13.fr\/Default\/doc\/AGENDA\/1218\/conference-treize-minutes\" target=\"_blank\">Avant-premi\u00e8re \u00e0 la M\u00e9diath\u00e8que de Vitrolles<\/a> mardi 31 mars 2026.<br>\n<strong>\u00c9quipe organisatrice\u2009:<\/strong> Sandrine Anthoine, C\u00e9cile Capponi, Paul Chauchat, Caroline Chaux, Claire Coiffard Marre, Valentin Emiya, Isabelle Galvez, Etienne Gourc, Karine Isambard, Lo\u00efc Larrouz\u00e9, Florence Lisle, Charlotte Perrin, K\u00e9vin Perrot.<br>\n<strong>Dramaturgie\u2009:<\/strong> <a href=\"https:\/\/rocioberenguer.com\/\" target=\"_blank\" rel=\"noopener noreferrer\">Rocio Berenguer<\/a>.<br>\n<strong>Camera sc\u00e8ne :<\/strong> Chrystophe  Pasquet.<br>\n<strong>Interventions musicales :<\/strong> Tom Colinot, Romain Caron, Valentin Emiya.<br>\n<strong>Sc\u00e9nographie\u2009\u2009:<\/strong> \u00c9tienne Gourc.<br>\n<strong>Graphiste\u2009:<\/strong> <a href=\"http:\/\/cartonplume.net\/\" target=\"_blank\" rel=\"noopener noreferrer\">Carton Plume<\/a>.<br>\n<strong>Photographie\u2009:<\/strong> Alice.<br>\n<strong>Langue des Signes Fran\u00e7aise\u2009:<\/strong> <a href=\"https:\/\/www.urapeda-sud.org\/\" target=\"_blank\" rel=\"noopener noreferrer\">Urapeda Sud<\/a>.<br>\n<strong>Soutiens :<\/strong>\n<a href=\"http:\/\/www.univ-amu.fr\/\" target=\"_blank\">AMU<\/a>, \n<a href=\"https:\/\/www.prefectures-regions.gouv.fr\/provence-alpes-cote-dazur\/Region-et-institutions\/L-action-de-l-Etat\/Education-enseignement-superieur-et-recherche\/Recherche\/Les-Delegations-regionales-a-la-recherche-et-a-la-technologie-DRRT\" target=\"_blank\">DRRT<\/a>, \n<a href=\"https:\/\/www.maregionsud.fr\/\" target=\"_blank\">Region PACA<\/a>, \n<a href=\"https:\/\/www.departement13.fr\/\" target=\"_blank\">Departement 13<\/a>, \n<a href=\"https:\/\/ampmetropole.fr\/\" target=\"_blank\">Metropole Aix-Marseille-Provence<\/a>, \n<a href=\"https:\/\/www.marseille.fr\/\" target=\"_blank\">Ville de Marseille<\/a>, \n<a href=\"http:\/\/www.cnrs.fr\/\" target=\"_blank\">CNRS<\/a>, \n<a href=\"https:\/\/www.ird.fr\/\" target=\"_blank\">IRD<\/a>, \n<a href=\"https:\/\/www.centrale-mediterranee.fr\/fr\" target=\"_blank\">ECM<\/a>, \n<a href=\"https:\/\/www.univ-amu.fr\/fr\/public\/la-fondation-amidex\" target=\"_blank\">Amidex France 2030<\/a>, \n<a href=\"http:\/\/www.ilcb.fr\/\" target=\"_blank\">ILCB<\/a>, \n<a href=\"https:\/\/frumam.cnrs-mrs.fr\/\" target=\"_blank\">Frumam<\/a>, \n<a href=\"http:\/\/www.i2m.univ-amu.fr\/\" target=\"_blank\">I2M<\/a>, \n<a href=\"http:\/\/www.lis-lab.fr\/\" target=\"_blank\">LIS<\/a>, \n<a href=\"http:\/\/adef.univ-amu.fr\/\" target=\"_blank\">ADEF<\/a>, \n<a href=\"http:\/\/www.lma.cnrs-mrs.fr\/\" target=\"_blank\">LMA<\/a>, \n<a href=\"https:\/\/www.lped.fr\/\" target=\"_blank\">LPED<\/a>, \n<a href=\"http:\/\/www.maison-asie-pacifique.fr\/\" target=\"_blank\">MAP<\/a>, \n<a href=\"https:\/\/pacific-credo.fr\/\" target=\"_blank\">CREDO<\/a>, \n<a href=\"https:\/\/eu.buffet-crampon.com\/\" target=\"_blank\">Buffet Crampon<\/a>, \n<a href=\"https:\/\/mediatheques.vitrolles13.fr\/\" target=\"_blank\">Mediatheque de Vitrolles<\/a>, \n<a href=\"https:\/\/www.vitrolles13.fr\/\" target=\"_blank\">Ville de Vitrolles<\/a>, \n<a href=\"http:\/\/www.espace-julien.com\/fr\/\" target=\"_blank\">Espace Julien<\/a>, \n<a href=\"https:\/\/www.univ-amu.fr\/fr\/public\/culture-scientifique\" target=\"_blank\">CST<\/a>, \n<a href=\"https:\/\/www.echosciences-paca.fr\/communautes\/reseau-culture-science-paca\/annonces\/membres-du-reseau-culture-science-paca\" target=\"_blank\">Culture Science PACA<\/a>.<\/p>","protected":false},"excerpt":{"rendered":"<p>\u00c9dition du 7 avril 2026 Huit maladies ou Papa mouchoir ? Carine Baxerres Les cous du hasard Magali Coupaud Du silence au chaos Tom Colinot La fi\u00e8vre de l&rsquo;IA Constance Douwes Des \u00eeles \u00e0 la noix ? S\u00e9bastien Galliot Et toi, quel est ton motif ? Etienne Moutot \u00c9dition organis\u00e9e par des chercheurs, enseignants-chercheurs et &hellip; <a href=\"https:\/\/treize.lis-lab.fr\/?p=2339\" class=\"more-link\">Continuer la lecture de <span class=\"screen-reader-text\">\u00c9dition du 7 avril 2026<\/span> <span class=\"meta-nav\">&rarr;<\/span><\/a><\/p>","protected":false},"author":2,"featured_media":0,"comment_status":"closed","ping_status":"open","sticky":false,"template":"","format":"standard","meta":{"__cvm_playback_settings":[],"__cvm_video_id":"","footnotes":""},"categories":[11],"tags":[],"class_list":["post-2339","post","type-post","status-publish","format-standard","hentry","category-editions-precedentes"],"_links":{"self":[{"href":"https:\/\/treize.lis-lab.fr\/index.php?rest_route=\/wp\/v2\/posts\/2339","targetHints":{"allow":["GET"]}}],"collection":[{"href":"https:\/\/treize.lis-lab.fr\/index.php?rest_route=\/wp\/v2\/posts"}],"about":[{"href":"https:\/\/treize.lis-lab.fr\/index.php?rest_route=\/wp\/v2\/types\/post"}],"author":[{"embeddable":true,"href":"https:\/\/treize.lis-lab.fr\/index.php?rest_route=\/wp\/v2\/users\/2"}],"replies":[{"embeddable":true,"href":"https:\/\/treize.lis-lab.fr\/index.php?rest_route=%2Fwp%2Fv2%2Fcomments&post=2339"}],"version-history":[{"count":9,"href":"https:\/\/treize.lis-lab.fr\/index.php?rest_route=\/wp\/v2\/posts\/2339\/revisions"}],"predecessor-version":[{"id":2361,"href":"https:\/\/treize.lis-lab.fr\/index.php?rest_route=\/wp\/v2\/posts\/2339\/revisions\/2361"}],"wp:attachment":[{"href":"https:\/\/treize.lis-lab.fr\/index.php?rest_route=%2Fwp%2Fv2%2Fmedia&parent=2339"}],"wp:term":[{"taxonomy":"category","embeddable":true,"href":"https:\/\/treize.lis-lab.fr\/index.php?rest_route=%2Fwp%2Fv2%2Fcategories&post=2339"},{"taxonomy":"post_tag","embeddable":true,"href":"https:\/\/treize.lis-lab.fr\/index.php?rest_route=%2Fwp%2Fv2%2Ftags&post=2339"}],"curies":[{"name":"wp","href":"https:\/\/api.w.org\/{rel}","templated":true}]}}