{"id":105,"date":"2013-12-03T20:00:33","date_gmt":"2013-12-03T20:00:33","guid":{"rendered":"http:\/\/treize.lif.univ-mrs.fr\/wps\/?p=105"},"modified":"2024-04-23T14:37:59","modified_gmt":"2024-04-23T14:37:59","slug":"105","status":"publish","type":"post","link":"https:\/\/treize.lis-lab.fr\/?p=105","title":{"rendered":"\u00c9dition du 3 d\u00e9cembre 2013"},"content":{"rendered":"<h1>\u00c9dition du 3 d\u00e9cembre 2013<\/h1>\n<table style=\"width: 100%;\">\n<tbody>\n<tr>\n<td style=\"text-align: center;\" width=\"230\"><img loading=\"lazy\" decoding=\"async\" class=\"alignnone wp-image-33 size-full\" src=\"https:\/\/treize.lis-lab.fr\/wps\/wp-content\/uploads\/fauteuil2013_220x220.jpg\" width=\"220\" height=\"220\" srcset=\"https:\/\/treize.lis-lab.fr\/wps\/wp-content\/uploads\/fauteuil2013_220x220.jpg 220w, https:\/\/treize.lis-lab.fr\/wps\/wp-content\/uploads\/fauteuil2013_220x220-150x150.jpg 150w\" sizes=\"auto, (max-width: 220px) 100vw, 220px\" \/><\/td>\n<td>\n<h2><a href=\"https:\/\/vimeo.com\/86877603\" target=\"_blank\" rel=\"noopener\">Pour quelques volts dans le cerveau<\/a><\/h2>\n<h3>Christelle Baunez<\/h3>\n<h2><a href=\"https:\/\/vimeo.com\/86877605\" target=\"_blank\" rel=\"noopener\">1995, l&rsquo;odyss\u00e9e d\u2019Othello<\/a><\/h2>\n<h3>Liva Ralaivola<\/h3>\n<h2><a href=\"https:\/\/vimeo.com\/86877609\" target=\"_blank\" rel=\"noopener\">Biodiversit\u00e9 de la M\u00e9diterran\u00e9e : prot\u00e9ger les esp\u00e8ces ou les espaces ?<\/a><\/h2>\n<h3>Jean-Georges Harmelin<\/h3>\n<h2><a href=\"https:\/\/vimeo.com\/86877607\" target=\"_blank\" rel=\"noopener\">Ty&rsquo;es fou : on craint d\u00e9gun. Nasalisation et affrication en marseillais<\/a><\/h2>\n<h3>M\u00e9d\u00e9ric Gasquet-Cyrus<\/h3>\n<h2><a href=\"https:\/\/vimeo.com\/86878028\" target=\"_blank\" rel=\"noopener\">\u00c9loge de la parcimonie<\/a><\/h2>\n<h3>Bruno Torr\u00e9sani<\/h3>\n<h2><a href=\"https:\/\/vimeo.com\/86877606\" target=\"_blank\" rel=\"noopener\">M\u00e9t\u00e9o de l&rsquo;espace : les orages arrivent par les p\u00f4les<\/a><\/h2>\n<h3>Michel Marcelin<\/h3>\n<\/td>\n<\/tr>\n<\/tbody>\n<\/table>\n<p>\u00c9dition organis\u00e9e par des chercheurs et enseignants-chercheurs de l&rsquo;universit\u00e9 d&rsquo;Aix-Marseille\/CNRS \u00e9paul\u00e9s par l&rsquo;\u00e9quipe des Treize Minutes Paris.<br \/>\n<strong> <span class=\"emphb\">\u00c9quipe marseillaise de la session 2013\u2009:<\/span><\/strong> Sandrine Anthoine, Julien Audiffren, C\u00e9cile Capponi, Caroline Chaux, Claire Coiffard Marre, Valentin Emiya, Clothilde Melot.<br \/>\n<strong> <span class=\"emphb\">\u00c9quipe parisienne de la session 2013\u2009:<\/span><\/strong> Jean-Marc Galan, Ludovic Garattini, Catherine Moulign\u00e9, Nadia Naski, Samia Serri, Fr\u00e9d\u00e9ric Tournier, Claire Truffinet.<br \/>\n<strong><span class=\"emphb\">Graphiste\u2009:<\/span><\/strong> Arnaud Fullenwarth.<br \/>\n<strong>Soutiens :<\/strong> <a href=\"https:\/\/labex-archimede.univ-amu.fr\/\" target=\"_blank\" rel=\"noopener\">LabEx Archim\u00e8de<\/a>, <a href=\"http:\/\/www.i2m.univ-amu.fr\/\" target=\"_blank\" rel=\"noopener\">I2M<\/a>, <a href=\"http:\/\/www.lif.univ-mrs.fr\/\" target=\"_blank\" rel=\"noopener\">LIF<\/a>.<\/p>","protected":false},"excerpt":{"rendered":"<p>\u00c9dition du 3 d\u00e9cembre 2013 Pour quelques volts dans le cerveau Christelle Baunez 1995, l&rsquo;odyss\u00e9e d\u2019Othello Liva Ralaivola Biodiversit\u00e9 de la M\u00e9diterran\u00e9e : prot\u00e9ger les esp\u00e8ces ou les espaces ? Jean-Georges Harmelin Ty&rsquo;es fou : on craint d\u00e9gun. Nasalisation et affrication en marseillais M\u00e9d\u00e9ric Gasquet-Cyrus \u00c9loge de la parcimonie Bruno Torr\u00e9sani M\u00e9t\u00e9o de l&rsquo;espace : &hellip; <a href=\"https:\/\/treize.lis-lab.fr\/?p=105\" class=\"more-link\">Continuer la lecture de <span class=\"screen-reader-text\">\u00c9dition du 3 d\u00e9cembre 2013<\/span> <span class=\"meta-nav\">&rarr;<\/span><\/a><\/p>","protected":false},"author":2,"featured_media":0,"comment_status":"closed","ping_status":"open","sticky":false,"template":"","format":"standard","meta":{"__cvm_playback_settings":[],"__cvm_video_id":"","footnotes":""},"categories":[11],"tags":[],"class_list":["post-105","post","type-post","status-publish","format-standard","hentry","category-editions-precedentes"],"_links":{"self":[{"href":"https:\/\/treize.lis-lab.fr\/index.php?rest_route=\/wp\/v2\/posts\/105","targetHints":{"allow":["GET"]}}],"collection":[{"href":"https:\/\/treize.lis-lab.fr\/index.php?rest_route=\/wp\/v2\/posts"}],"about":[{"href":"https:\/\/treize.lis-lab.fr\/index.php?rest_route=\/wp\/v2\/types\/post"}],"author":[{"embeddable":true,"href":"https:\/\/treize.lis-lab.fr\/index.php?rest_route=\/wp\/v2\/users\/2"}],"replies":[{"embeddable":true,"href":"https:\/\/treize.lis-lab.fr\/index.php?rest_route=%2Fwp%2Fv2%2Fcomments&post=105"}],"version-history":[{"count":16,"href":"https:\/\/treize.lis-lab.fr\/index.php?rest_route=\/wp\/v2\/posts\/105\/revisions"}],"predecessor-version":[{"id":1950,"href":"https:\/\/treize.lis-lab.fr\/index.php?rest_route=\/wp\/v2\/posts\/105\/revisions\/1950"}],"wp:attachment":[{"href":"https:\/\/treize.lis-lab.fr\/index.php?rest_route=%2Fwp%2Fv2%2Fmedia&parent=105"}],"wp:term":[{"taxonomy":"category","embeddable":true,"href":"https:\/\/treize.lis-lab.fr\/index.php?rest_route=%2Fwp%2Fv2%2Fcategories&post=105"},{"taxonomy":"post_tag","embeddable":true,"href":"https:\/\/treize.lis-lab.fr\/index.php?rest_route=%2Fwp%2Fv2%2Ftags&post=105"}],"curies":[{"name":"wp","href":"https:\/\/api.w.org\/{rel}","templated":true}]}}